{"id":10123,"date":"2026-03-10T16:51:00","date_gmt":"2026-03-10T16:51:00","guid":{"rendered":"https:\/\/neoist.eu\/?p=10123"},"modified":"2026-03-11T17:35:40","modified_gmt":"2026-03-11T17:35:40","slug":"la-villa","status":"publish","type":"post","link":"https:\/\/neoist.eu\/en\/pr\/la-villa\/","title":{"rendered":"LA VILLA am Starnberger See"},"content":{"rendered":"<div data-elementor-type=\"wp-post\" data-elementor-id=\"10123\" class=\"elementor elementor-10123\">\n\t\t\t\t\t\t<section class=\"elementor-section elementor-top-section elementor-element elementor-element-9e8d027 elementor-section-boxed elementor-section-height-default elementor-section-height-default qodef-elementor-content-no\" data-id=\"9e8d027\" data-element_type=\"section\">\n\t\t\t\t\t\t<div class=\"elementor-container elementor-column-gap-default\">\n\t\t\t\t\t<div class=\"elementor-column elementor-col-100 elementor-top-column elementor-element elementor-element-cadf997\" data-id=\"cadf997\" data-element_type=\"column\">\n\t\t\t<div class=\"elementor-widget-wrap elementor-element-populated\">\n\t\t\t\t\t\t<div class=\"elementor-element elementor-element-cd011a4 elementor-widget elementor-widget-text-editor\" data-id=\"cd011a4\" data-element_type=\"widget\" data-widget_type=\"text-editor.default\">\n\t\t\t\t<div class=\"elementor-widget-container\">\n\t\t\t\t\t\t\t\t\t<h6 data-start=\"2849\" data-end=\"2939\">Filmreife Kulisse f\u00fcr exklusive Events<\/h6><p>Mit der einzigartigen Lage in einem weitl\u00e4ufigen Park gilt das Boutique-Hotel LA VILLA am Starnberger See als eine der sch\u00f6nsten Event- und Hochzeitslocations im M\u00fcnchener Umland. Die typische Architektur der historischen Sommerresidenz im damals beliebten Maximilianstil aus dem Jahr 1855, neben der heute ein hochmodernes Seminargeb\u00e4ude den Blick auf das malerische Panorama gew\u00e4hrt, bietet den perfekten Rahmen f\u00fcr exklusive Veranstaltungen.<\/p><p>Die besondere Atmosph\u00e4re des Anwesens begeistert seit Jahrzehnten bekannte Film- und Fernsehproduzenten. F\u00fcr die romantische Hochzeits-Show Guidos Wedding Race mit Modedesigner Guido Maria Kretschmer oder den TV-Film Zwei am gro\u00dfen See mit Ruth Drexel und Uschi Glas bot das Grundst\u00fcck den idealen Rahmen.<\/p><p>Auch beliebte deutsche Serien wie Die Verbrechen des Professor Capellari mit Friedrich von Thun, Bier Royal, Dahoam is Dahoam, Mein Nachbar, sein Dackel und ich, die traditionsreiche Krimiserie Der Alte sowie Autobahn auf DMAX nutzten LA VILLA als Drehort.<\/p><p>Das rund 1,4 Hektar gro\u00dfe Wald- und Wiesenareal grenzt\u00a0direkt an das Ufer des Starnberger Sees. Ein traditionelles Bootshaus, in dem eine venezianische Gondel f\u00fcr Seefahrten liegt, sowie der Steg davor er\u00f6ffnen vielf\u00e4ltige M\u00f6glichkeiten f\u00fcr Inszenierungen von Film- und TV-Produktionen.<\/p><p>F\u00fcr kulinarische H\u00f6hepunkte sorgt ein namhafter K\u00fcchenchef, der kreative Men\u00fcs vor Ort zubereitet. LA VILLA ist zweimal im Jahr Treffpunkt f\u00fcr den M\u00fcnchner S\u00fcden bei den hauseigenen Open-Air-Events \u2013 das Sommerfest und den Weihnachtsmarkt. Die Kombination aus architektonischem Charme aus zwei Epochen mit privatem Seezugang macht LA VILLA zu einer einzigartigen Location f\u00fcr unvergessliche Erlebnisse.<\/p>\t\t\t\t\t\t\t\t<\/div>\n\t\t\t\t<\/div>\n\t\t\t\t\t<\/div>\n\t\t<\/div>\n\t\t\t\t\t<\/div>\n\t\t<\/section>\n\t\t\t\t<section class=\"elementor-section elementor-top-section elementor-element elementor-element-80b2aae elementor-section-boxed elementor-section-height-default elementor-section-height-default qodef-elementor-content-no\" data-id=\"80b2aae\" data-element_type=\"section\">\n\t\t\t\t\t\t<div class=\"elementor-container elementor-column-gap-default\">\n\t\t\t\t\t<div class=\"elementor-column elementor-col-100 elementor-top-column elementor-element elementor-element-1a79d80\" data-id=\"1a79d80\" data-element_type=\"column\">\n\t\t\t<div class=\"elementor-widget-wrap elementor-element-populated\">\n\t\t\t\t\t\t<div class=\"elementor-element elementor-element-0689678 elementor-widget elementor-widget-spacer\" data-id=\"0689678\" data-element_type=\"widget\" data-widget_type=\"spacer.default\">\n\t\t\t\t<div class=\"elementor-widget-container\">\n\t\t\t\t\t\t\t<div class=\"elementor-spacer\">\n\t\t\t<div class=\"elementor-spacer-inner\"><\/div>\n\t\t<\/div>\n\t\t\t\t\t\t<\/div>\n\t\t\t\t<\/div>\n\t\t\t\t\t<\/div>\n\t\t<\/div>\n\t\t\t\t\t<\/div>\n\t\t<\/section>\n\t\t\t\t<section class=\"elementor-section elementor-top-section elementor-element elementor-element-cd3726e elementor-section-boxed elementor-section-height-default elementor-section-height-default qodef-elementor-content-no\" data-id=\"cd3726e\" data-element_type=\"section\">\n\t\t\t\t\t\t<div class=\"elementor-container elementor-column-gap-default\">\n\t\t\t\t\t<div class=\"elementor-column elementor-col-100 elementor-top-column elementor-element elementor-element-1f748e1\" data-id=\"1f748e1\" data-element_type=\"column\">\n\t\t\t<div class=\"elementor-widget-wrap elementor-element-populated\">\n\t\t\t\t\t\t<div class=\"elementor-element elementor-element-de21774 elementor-widget elementor-widget-image\" data-id=\"de21774\" data-element_type=\"widget\" data-widget_type=\"image.default\">\n\t\t\t\t<div class=\"elementor-widget-container\">\n\t\t\t\t\t\t\t\t\t\t\t\t\t\t\t<img fetchpriority=\"high\" decoding=\"async\" width=\"1024\" height=\"684\" src=\"https:\/\/neoist.eu\/wp-content\/uploads\/2025\/09\/KatarinaFedora-1000-1024x684.jpg\" class=\"attachment-large size-large wp-image-10126\" alt=\"LA VILLA am Starnberger See\" srcset=\"https:\/\/neoist.eu\/wp-content\/uploads\/2025\/09\/KatarinaFedora-1000-1024x684.jpg 1024w, https:\/\/neoist.eu\/wp-content\/uploads\/2025\/09\/KatarinaFedora-1000-300x200.jpg 300w, https:\/\/neoist.eu\/wp-content\/uploads\/2025\/09\/KatarinaFedora-1000-768x513.jpg 768w, https:\/\/neoist.eu\/wp-content\/uploads\/2025\/09\/KatarinaFedora-1000-1536x1025.jpg 1536w, https:\/\/neoist.eu\/wp-content\/uploads\/2025\/09\/KatarinaFedora-1000-18x12.jpg 18w, https:\/\/neoist.eu\/wp-content\/uploads\/2025\/09\/KatarinaFedora-1000-e1759171470742.jpg 1400w\" sizes=\"(max-width: 1024px) 100vw, 1024px\" \/>\t\t\t\t\t\t\t\t\t\t\t\t\t\t\t<\/div>\n\t\t\t\t<\/div>\n\t\t\t\t\t<\/div>\n\t\t<\/div>\n\t\t\t\t\t<\/div>\n\t\t<\/section>\n\t\t\t\t<section class=\"elementor-section elementor-top-section elementor-element elementor-element-df27c65 elementor-section-boxed elementor-section-height-default elementor-section-height-default qodef-elementor-content-no\" data-id=\"df27c65\" data-element_type=\"section\">\n\t\t\t\t\t\t<div class=\"elementor-container elementor-column-gap-default\">\n\t\t\t\t\t<div class=\"elementor-column elementor-col-100 elementor-top-column elementor-element elementor-element-a901090\" data-id=\"a901090\" data-element_type=\"column\">\n\t\t\t<div class=\"elementor-widget-wrap elementor-element-populated\">\n\t\t\t\t\t\t<div class=\"elementor-element elementor-element-01a7db8 elementor-widget elementor-widget-image\" data-id=\"01a7db8\" data-element_type=\"widget\" data-widget_type=\"image.default\">\n\t\t\t\t<div class=\"elementor-widget-container\">\n\t\t\t\t\t\t\t\t\t\t\t\t\t\t\t<img decoding=\"async\" width=\"1024\" height=\"600\" src=\"https:\/\/neoist.eu\/wp-content\/uploads\/2025\/09\/KatarinaFedora-195-1024x600.jpg\" class=\"attachment-large size-large wp-image-10171\" alt=\"\" srcset=\"https:\/\/neoist.eu\/wp-content\/uploads\/2025\/09\/KatarinaFedora-195-1024x600.jpg 1024w, https:\/\/neoist.eu\/wp-content\/uploads\/2025\/09\/KatarinaFedora-195-300x176.jpg 300w, https:\/\/neoist.eu\/wp-content\/uploads\/2025\/09\/KatarinaFedora-195-768x450.jpg 768w, https:\/\/neoist.eu\/wp-content\/uploads\/2025\/09\/KatarinaFedora-195-18x12.jpg 18w, https:\/\/neoist.eu\/wp-content\/uploads\/2025\/09\/KatarinaFedora-195.jpg 1400w\" sizes=\"(max-width: 1024px) 100vw, 1024px\" \/>\t\t\t\t\t\t\t\t\t\t\t\t\t\t\t<\/div>\n\t\t\t\t<\/div>\n\t\t\t\t\t<\/div>\n\t\t<\/div>\n\t\t\t\t\t<\/div>\n\t\t<\/section>\n\t\t\t\t<section class=\"elementor-section elementor-top-section elementor-element elementor-element-67a4d2d elementor-section-boxed elementor-section-height-default elementor-section-height-default qodef-elementor-content-no\" data-id=\"67a4d2d\" data-element_type=\"section\">\n\t\t\t\t\t\t<div class=\"elementor-container elementor-column-gap-default\">\n\t\t\t\t\t<div class=\"elementor-column elementor-col-100 elementor-top-column elementor-element elementor-element-dfbbfd1\" data-id=\"dfbbfd1\" data-element_type=\"column\">\n\t\t\t<div class=\"elementor-widget-wrap elementor-element-populated\">\n\t\t\t\t\t\t<div class=\"elementor-element elementor-element-24a1c13 elementor-widget elementor-widget-image\" data-id=\"24a1c13\" data-element_type=\"widget\" data-widget_type=\"image.default\">\n\t\t\t\t<div class=\"elementor-widget-container\">\n\t\t\t\t\t\t\t\t\t\t\t\t\t\t\t<img decoding=\"async\" width=\"1024\" height=\"600\" src=\"https:\/\/neoist.eu\/wp-content\/uploads\/2025\/09\/KatarinaFedora-580-1024x600.jpg\" class=\"attachment-large size-large wp-image-10170\" alt=\"\" srcset=\"https:\/\/neoist.eu\/wp-content\/uploads\/2025\/09\/KatarinaFedora-580-1024x600.jpg 1024w, https:\/\/neoist.eu\/wp-content\/uploads\/2025\/09\/KatarinaFedora-580-300x176.jpg 300w, https:\/\/neoist.eu\/wp-content\/uploads\/2025\/09\/KatarinaFedora-580-768x450.jpg 768w, https:\/\/neoist.eu\/wp-content\/uploads\/2025\/09\/KatarinaFedora-580-18x12.jpg 18w, https:\/\/neoist.eu\/wp-content\/uploads\/2025\/09\/KatarinaFedora-580.jpg 1400w\" sizes=\"(max-width: 1024px) 100vw, 1024px\" \/>\t\t\t\t\t\t\t\t\t\t\t\t\t\t\t<\/div>\n\t\t\t\t<\/div>\n\t\t\t\t\t<\/div>\n\t\t<\/div>\n\t\t\t\t\t<\/div>\n\t\t<\/section>\n\t\t\t\t<section class=\"elementor-section elementor-top-section elementor-element elementor-element-71ba174 elementor-section-boxed elementor-section-height-default elementor-section-height-default qodef-elementor-content-no\" data-id=\"71ba174\" data-element_type=\"section\">\n\t\t\t\t\t\t<div class=\"elementor-container elementor-column-gap-default\">\n\t\t\t\t\t<div class=\"elementor-column elementor-col-100 elementor-top-column elementor-element elementor-element-7c388da\" data-id=\"7c388da\" data-element_type=\"column\">\n\t\t\t<div class=\"elementor-widget-wrap elementor-element-populated\">\n\t\t\t\t\t\t<div class=\"elementor-element elementor-element-ee39b1c elementor-widget elementor-widget-image\" data-id=\"ee39b1c\" data-element_type=\"widget\" data-widget_type=\"image.default\">\n\t\t\t\t<div class=\"elementor-widget-container\">\n\t\t\t\t\t\t\t\t\t\t\t\t\t\t\t<img loading=\"lazy\" decoding=\"async\" width=\"1024\" height=\"684\" src=\"https:\/\/neoist.eu\/wp-content\/uploads\/2025\/09\/KatarinaFedora-3-1024x684.jpg\" class=\"attachment-large size-large wp-image-10127\" alt=\"LA VILLA am Starnberger See\" srcset=\"https:\/\/neoist.eu\/wp-content\/uploads\/2025\/09\/KatarinaFedora-3-1024x684.jpg 1024w, https:\/\/neoist.eu\/wp-content\/uploads\/2025\/09\/KatarinaFedora-3-300x200.jpg 300w, https:\/\/neoist.eu\/wp-content\/uploads\/2025\/09\/KatarinaFedora-3-768x513.jpg 768w, https:\/\/neoist.eu\/wp-content\/uploads\/2025\/09\/KatarinaFedora-3-1536x1025.jpg 1536w, https:\/\/neoist.eu\/wp-content\/uploads\/2025\/09\/KatarinaFedora-3-18x12.jpg 18w, https:\/\/neoist.eu\/wp-content\/uploads\/2025\/09\/KatarinaFedora-3.jpg 1600w\" sizes=\"(max-width: 1024px) 100vw, 1024px\" \/>\t\t\t\t\t\t\t\t\t\t\t\t\t\t\t<\/div>\n\t\t\t\t<\/div>\n\t\t\t\t\t<\/div>\n\t\t<\/div>\n\t\t\t\t\t<\/div>\n\t\t<\/section>\n\t\t\t\t<section class=\"elementor-section elementor-top-section elementor-element elementor-element-8f5eccb elementor-section-boxed elementor-section-height-default elementor-section-height-default qodef-elementor-content-no\" data-id=\"8f5eccb\" data-element_type=\"section\">\n\t\t\t\t\t\t<div class=\"elementor-container elementor-column-gap-default\">\n\t\t\t\t\t<div class=\"elementor-column elementor-col-100 elementor-top-column elementor-element elementor-element-b6ac70a\" data-id=\"b6ac70a\" data-element_type=\"column\">\n\t\t\t<div class=\"elementor-widget-wrap elementor-element-populated\">\n\t\t\t\t\t\t<div class=\"elementor-element elementor-element-05fd5db elementor-widget elementor-widget-spacer\" data-id=\"05fd5db\" data-element_type=\"widget\" data-widget_type=\"spacer.default\">\n\t\t\t\t<div class=\"elementor-widget-container\">\n\t\t\t\t\t\t\t<div class=\"elementor-spacer\">\n\t\t\t<div class=\"elementor-spacer-inner\"><\/div>\n\t\t<\/div>\n\t\t\t\t\t\t<\/div>\n\t\t\t\t<\/div>\n\t\t\t\t\t<\/div>\n\t\t<\/div>\n\t\t\t\t\t<\/div>\n\t\t<\/section>\n\t\t\t\t<section class=\"elementor-section elementor-top-section elementor-element elementor-element-538efae0 elementor-section-full_width elementor-section-height-default elementor-section-height-default qodef-elementor-content-no\" data-id=\"538efae0\" data-element_type=\"section\">\n\t\t\t\t\t\t<div class=\"elementor-container elementor-column-gap-default\">\n\t\t\t\t\t<div class=\"elementor-column elementor-col-100 elementor-top-column elementor-element elementor-element-68d9ea97\" data-id=\"68d9ea97\" data-element_type=\"column\">\n\t\t\t<div class=\"elementor-widget-wrap elementor-element-populated\">\n\t\t\t\t\t\t<div class=\"elementor-element elementor-element-24a483c5 elementor-widget elementor-widget-text-editor\" data-id=\"24a483c5\" data-element_type=\"widget\" data-widget_type=\"text-editor.default\">\n\t\t\t\t<div class=\"elementor-widget-container\">\n\t\t\t\t\t\t\t\t\t<h6>Ausfl\u00fcge von LA VILLA zu weiteren Drehorten<\/h6>\n<p>Das F\u00fcnfseenland z\u00e4hlt per se zu den sch\u00f6nsten Filmkulissen Deutschlands. Historienfilme \u00fcber Kaiserin Sisi oder K\u00f6nig Ludwig gewinnen durch das Alpenpanorama an Authentizit\u00e4t. F\u00fcr den Film Ludwig II standen Helmut Berger und Romy Schneider am Starnberger See vor der Kamera. Nur wenige Kilometer entfernt von LA VILLA liegt Schloss Possenhofen, einst verbrachte die junge Kaiserin Elisabeth dort ihre Ferien.<\/p>\n<p>In den 1970er-Jahren&nbsp;entstanden Episoden der Krimiserie&nbsp;Der Kommissar&nbsp;mit&nbsp;Erik Ode&nbsp;in der Gegend. Das Seelokal Undosa wurde 1978 zur Kulisse des Films&nbsp;Der Komantsche. Aus Hollywood reiste 2016 Regisseur&nbsp;Oliver Stone&nbsp;an, um&nbsp;Szenen f\u00fcr&nbsp;Snowden&nbsp;in&nbsp;Tutzing zu drehen. Der aus dem W\u00fcrmtal stammende Oscar-Preistr\u00e4ger&nbsp;Florian Gallenberger&nbsp;inszenierte mit&nbsp;Emma Watson&nbsp;Bilder f\u00fcr Colonia in Gauting. Russel Crowe und Ethan Hawke sorgten 2025 f\u00fcr Schlagzeilen mit der Blockbuster-Produktion von The Weight in Penzing. Die M\u00fcnchner Tatort-Kommissare, Ivo Batic&nbsp;und&nbsp;Franz Leitmayr, ebenso wie die Rosenheim Cops oder Behringer&nbsp;<span style=\"background-color: #ffffff;\">ermitteln derzeit hauptberuflich&nbsp;<\/span>in der stimmungsvollen F\u00fcnfseen-Landschaft.<\/p>\n<p>Rund um den&nbsp;Starnberger See&nbsp;lebt und arbeitet eine lebendige Kreativszene. Mit dem&nbsp;F\u00fcnf Seen Filmfestival&nbsp;hat die Region heute sogar ihr eigenes gro\u00dfes Filmfestival \u2013 das zweitgr\u00f6\u00dfte in Bayern.<\/p>\n<p>Ein langes Wochenende im Boutique-Hotel LA VILLA bietet Gelegenheit zu Ausfl\u00fcgen in die n\u00e4here Umgebung, um Szenerien zu entdecken, die Filmgeschichte geschrieben haben.<\/p>\t\t\t\t\t\t\t\t<\/div>\n\t\t\t\t<\/div>\n\t\t\t\t\t<\/div>\n\t\t<\/div>\n\t\t\t\t\t<\/div>\n\t\t<\/section>\n\t\t\t\t<section class=\"elementor-section elementor-top-section elementor-element elementor-element-3a85c6b elementor-section-boxed elementor-section-height-default elementor-section-height-default qodef-elementor-content-no\" data-id=\"3a85c6b\" data-element_type=\"section\">\n\t\t\t\t\t\t<div class=\"elementor-container elementor-column-gap-default\">\n\t\t\t\t\t<div class=\"elementor-column elementor-col-100 elementor-top-column elementor-element elementor-element-282c830\" data-id=\"282c830\" data-element_type=\"column\">\n\t\t\t<div class=\"elementor-widget-wrap elementor-element-populated\">\n\t\t\t\t\t\t<div class=\"elementor-element elementor-element-7e908ff elementor-widget-divider--view-line elementor-widget elementor-widget-divider\" data-id=\"7e908ff\" data-element_type=\"widget\" data-widget_type=\"divider.default\">\n\t\t\t\t<div class=\"elementor-widget-container\">\n\t\t\t\t\t\t\t<div class=\"elementor-divider\">\n\t\t\t<span class=\"elementor-divider-separator\">\n\t\t\t\t\t\t<\/span>\n\t\t<\/div>\n\t\t\t\t\t\t<\/div>\n\t\t\t\t<\/div>\n\t\t\t\t\t<\/div>\n\t\t<\/div>\n\t\t\t\t\t<\/div>\n\t\t<\/section>\n\t\t\t\t<section class=\"elementor-section elementor-top-section elementor-element elementor-element-9c3d176 elementor-section-boxed elementor-section-height-default elementor-section-height-default qodef-elementor-content-no\" data-id=\"9c3d176\" data-element_type=\"section\">\n\t\t\t\t\t\t<div class=\"elementor-container elementor-column-gap-default\">\n\t\t\t\t\t<div class=\"elementor-column elementor-col-100 elementor-top-column elementor-element elementor-element-eb8e4fe\" data-id=\"eb8e4fe\" data-element_type=\"column\">\n\t\t\t<div class=\"elementor-widget-wrap elementor-element-populated\">\n\t\t\t\t\t\t<div class=\"elementor-element elementor-element-4ee61e7 elementor-widget elementor-widget-text-editor\" data-id=\"4ee61e7\" data-element_type=\"widget\" data-widget_type=\"text-editor.default\">\n\t\t\t\t<div class=\"elementor-widget-container\">\n\t\t\t\t\t\t\t\t\t<p>\u00a0Fotos:\u00a0 paulandstephanie.net<\/p>\t\t\t\t\t\t\t\t<\/div>\n\t\t\t\t<\/div>\n\t\t\t\t\t<\/div>\n\t\t<\/div>\n\t\t\t\t\t<\/div>\n\t\t<\/section>\n\t\t\t\t<\/div>","protected":false},"excerpt":{"rendered":"<p>neoist \u00fcbernimmt ab September 2025 das Social Media Management f\u00fcr das Hotel LA VILLA am Starnberger See.<\/p>","protected":false},"author":2,"featured_media":10125,"comment_status":"closed","ping_status":"open","sticky":false,"template":"","format":"standard","meta":{"footnotes":""},"categories":[2,179,62],"tags":[131,173,160,154,153,171,158,156,155,157,163,164,159,79,60,178,162,161],"class_list":["post-10123","post","type-post","status-publish","format-standard","has-post-thumbnail","hentry","category-agency","category-munich","category-pr","tag-131","tag-bilingual","tag-brand-strategy-agency","tag-branding-agency-muenchen","tag-branding-agentur-muenchen","tag-concours-delegance-2025","tag-creative-design-agency","tag-design-studio-muenchen-land","tag-designstudio-muenchen-sued","tag-kreative-designagentur","tag-logo-design-agentur","tag-logo-design-studio","tag-markenstrategie-agentur","tag-neoist","tag-pr","tag-starnberger-see","tag-visual-identity-design","tag-visuelle-identitaet-entwicklung"],"yoast_head":"<!-- This site is optimized with the Yoast SEO plugin v26.2 - https:\/\/yoast.com\/wordpress\/plugins\/seo\/ -->\n<title>LA VILLA am Starnberger See - neoist content creation<\/title>\n<meta name=\"description\" content=\"neoist \u00fcbernimmt ab September 2025 das Social Media Management f\u00fcr das Hotel LA VILLA am Starnberger See.\" \/>\n<meta name=\"robots\" content=\"index, follow, max-snippet:-1, max-image-preview:large, max-video-preview:-1\" \/>\n<link rel=\"canonical\" href=\"https:\/\/neoist.eu\/en\/agency\/la-villa\/\" \/>\n<meta property=\"og:locale\" content=\"en_GB\" \/>\n<meta property=\"og:type\" content=\"article\" \/>\n<meta property=\"og:title\" content=\"LA VILLA am Starnberger See - neoist content creation\" \/>\n<meta property=\"og:description\" content=\"neoist \u00fcbernimmt ab September 2025 das Social Media Management f\u00fcr das Hotel LA VILLA am Starnberger See.\" \/>\n<meta property=\"og:url\" content=\"https:\/\/neoist.eu\/en\/agency\/la-villa\/\" \/>\n<meta property=\"og:site_name\" content=\"neoist content creation\" \/>\n<meta property=\"article:published_time\" content=\"2026-03-10T16:51:00+00:00\" \/>\n<meta property=\"article:modified_time\" content=\"2026-03-11T17:35:40+00:00\" \/>\n<meta property=\"og:image\" content=\"https:\/\/neoist.eu\/wp-content\/uploads\/2025\/09\/KatarinaFedora-779.jpg\" \/>\n\t<meta property=\"og:image:width\" content=\"1400\" \/>\n\t<meta property=\"og:image:height\" content=\"820\" \/>\n\t<meta property=\"og:image:type\" content=\"image\/jpeg\" \/>\n<meta name=\"author\" content=\"Birgit Unger\" \/>\n<meta name=\"twitter:card\" content=\"summary_large_image\" \/>\n<meta name=\"twitter:label1\" content=\"Written by\" \/>\n\t<meta name=\"twitter:data1\" content=\"Birgit Unger\" \/>\n\t<meta name=\"twitter:label2\" content=\"Estimated reading time\" \/>\n\t<meta name=\"twitter:data2\" content=\"3 minutes\" \/>\n<script type=\"application\/ld+json\" class=\"yoast-schema-graph\">{\"@context\":\"https:\/\/schema.org\",\"@graph\":[{\"@type\":\"WebPage\",\"@id\":\"https:\/\/neoist.eu\/agency\/la-villa\/\",\"url\":\"https:\/\/neoist.eu\/agency\/la-villa\/\",\"name\":\"LA VILLA am Starnberger See - neoist content creation\",\"isPartOf\":{\"@id\":\"https:\/\/neoist.eu\/#website\"},\"primaryImageOfPage\":{\"@id\":\"https:\/\/neoist.eu\/agency\/la-villa\/#primaryimage\"},\"image\":{\"@id\":\"https:\/\/neoist.eu\/agency\/la-villa\/#primaryimage\"},\"thumbnailUrl\":\"https:\/\/neoist.eu\/wp-content\/uploads\/2025\/09\/KatarinaFedora-779.jpg\",\"datePublished\":\"2026-03-10T16:51:00+00:00\",\"dateModified\":\"2026-03-11T17:35:40+00:00\",\"author\":{\"@id\":\"https:\/\/neoist.eu\/#\/schema\/person\/f977f18cd41242f3468330d01178b3e8\"},\"description\":\"neoist \u00fcbernimmt ab September 2025 das Social Media Management f\u00fcr das Hotel LA VILLA am Starnberger See.\",\"breadcrumb\":{\"@id\":\"https:\/\/neoist.eu\/agency\/la-villa\/#breadcrumb\"},\"inLanguage\":\"en-GB\",\"potentialAction\":[{\"@type\":\"ReadAction\",\"target\":[\"https:\/\/neoist.eu\/agency\/la-villa\/\"]}]},{\"@type\":\"ImageObject\",\"inLanguage\":\"en-GB\",\"@id\":\"https:\/\/neoist.eu\/agency\/la-villa\/#primaryimage\",\"url\":\"https:\/\/neoist.eu\/wp-content\/uploads\/2025\/09\/KatarinaFedora-779.jpg\",\"contentUrl\":\"https:\/\/neoist.eu\/wp-content\/uploads\/2025\/09\/KatarinaFedora-779.jpg\",\"width\":1400,\"height\":820,\"caption\":\"PM Welt 2026\"},{\"@type\":\"BreadcrumbList\",\"@id\":\"https:\/\/neoist.eu\/agency\/la-villa\/#breadcrumb\",\"itemListElement\":[{\"@type\":\"ListItem\",\"position\":1,\"name\":\"Home\",\"item\":\"https:\/\/neoist.eu\/\"},{\"@type\":\"ListItem\",\"position\":2,\"name\":\"LA VILLA am Starnberger See\"}]},{\"@type\":\"WebSite\",\"@id\":\"https:\/\/neoist.eu\/#website\",\"url\":\"https:\/\/neoist.eu\/\",\"name\":\"neoist content creation\",\"description\":\"Munich | Frankfurt | Berlin | Mallorca\",\"potentialAction\":[{\"@type\":\"SearchAction\",\"target\":{\"@type\":\"EntryPoint\",\"urlTemplate\":\"https:\/\/neoist.eu\/?s={search_term_string}\"},\"query-input\":{\"@type\":\"PropertyValueSpecification\",\"valueRequired\":true,\"valueName\":\"search_term_string\"}}],\"inLanguage\":\"en-GB\"},{\"@type\":\"Person\",\"@id\":\"https:\/\/neoist.eu\/#\/schema\/person\/f977f18cd41242f3468330d01178b3e8\",\"name\":\"Birgit Unger\",\"image\":{\"@type\":\"ImageObject\",\"inLanguage\":\"en-GB\",\"@id\":\"https:\/\/neoist.eu\/#\/schema\/person\/image\/\",\"url\":\"https:\/\/secure.gravatar.com\/avatar\/28f15701d6e5ad32ed2af6fcaa62d12ab933a84ecfa8e8a666b470b6c04f3dd9?s=96&d=mm&r=g\",\"contentUrl\":\"https:\/\/secure.gravatar.com\/avatar\/28f15701d6e5ad32ed2af6fcaa62d12ab933a84ecfa8e8a666b470b6c04f3dd9?s=96&d=mm&r=g\",\"caption\":\"Birgit Unger\"},\"sameAs\":[\"http:\/\/deluxemallorca.com\"],\"url\":\"https:\/\/neoist.eu\/en\/author\/birgit-unger\/\"}]}<\/script>\n<!-- \/ Yoast SEO plugin. -->","yoast_head_json":{"title":"LA VILLA am Starnberger See - neoist content creation","description":"neoist \u00fcbernimmt ab September 2025 das Social Media Management f\u00fcr das Hotel LA VILLA am Starnberger See.","robots":{"index":"index","follow":"follow","max-snippet":"max-snippet:-1","max-image-preview":"max-image-preview:large","max-video-preview":"max-video-preview:-1"},"canonical":"https:\/\/neoist.eu\/en\/agency\/la-villa\/","og_locale":"en_GB","og_type":"article","og_title":"LA VILLA am Starnberger See - neoist content creation","og_description":"neoist \u00fcbernimmt ab September 2025 das Social Media Management f\u00fcr das Hotel LA VILLA am Starnberger See.","og_url":"https:\/\/neoist.eu\/en\/agency\/la-villa\/","og_site_name":"neoist content creation","article_published_time":"2026-03-10T16:51:00+00:00","article_modified_time":"2026-03-11T17:35:40+00:00","og_image":[{"width":1400,"height":820,"url":"https:\/\/neoist.eu\/wp-content\/uploads\/2025\/09\/KatarinaFedora-779.jpg","type":"image\/jpeg"}],"author":"Birgit Unger","twitter_card":"summary_large_image","twitter_misc":{"Written by":"Birgit Unger","Estimated reading time":"3 minutes"},"schema":{"@context":"https:\/\/schema.org","@graph":[{"@type":"WebPage","@id":"https:\/\/neoist.eu\/agency\/la-villa\/","url":"https:\/\/neoist.eu\/agency\/la-villa\/","name":"LA VILLA am Starnberger See - neoist content creation","isPartOf":{"@id":"https:\/\/neoist.eu\/#website"},"primaryImageOfPage":{"@id":"https:\/\/neoist.eu\/agency\/la-villa\/#primaryimage"},"image":{"@id":"https:\/\/neoist.eu\/agency\/la-villa\/#primaryimage"},"thumbnailUrl":"https:\/\/neoist.eu\/wp-content\/uploads\/2025\/09\/KatarinaFedora-779.jpg","datePublished":"2026-03-10T16:51:00+00:00","dateModified":"2026-03-11T17:35:40+00:00","author":{"@id":"https:\/\/neoist.eu\/#\/schema\/person\/f977f18cd41242f3468330d01178b3e8"},"description":"neoist \u00fcbernimmt ab September 2025 das Social Media Management f\u00fcr das Hotel LA VILLA am Starnberger See.","breadcrumb":{"@id":"https:\/\/neoist.eu\/agency\/la-villa\/#breadcrumb"},"inLanguage":"en-GB","potentialAction":[{"@type":"ReadAction","target":["https:\/\/neoist.eu\/agency\/la-villa\/"]}]},{"@type":"ImageObject","inLanguage":"en-GB","@id":"https:\/\/neoist.eu\/agency\/la-villa\/#primaryimage","url":"https:\/\/neoist.eu\/wp-content\/uploads\/2025\/09\/KatarinaFedora-779.jpg","contentUrl":"https:\/\/neoist.eu\/wp-content\/uploads\/2025\/09\/KatarinaFedora-779.jpg","width":1400,"height":820,"caption":"PM Welt 2026"},{"@type":"BreadcrumbList","@id":"https:\/\/neoist.eu\/agency\/la-villa\/#breadcrumb","itemListElement":[{"@type":"ListItem","position":1,"name":"Home","item":"https:\/\/neoist.eu\/"},{"@type":"ListItem","position":2,"name":"LA VILLA am Starnberger See"}]},{"@type":"WebSite","@id":"https:\/\/neoist.eu\/#website","url":"https:\/\/neoist.eu\/","name":"neoist content creation","description":"Munich | Frankfurt | Berlin | Mallorca","potentialAction":[{"@type":"SearchAction","target":{"@type":"EntryPoint","urlTemplate":"https:\/\/neoist.eu\/?s={search_term_string}"},"query-input":{"@type":"PropertyValueSpecification","valueRequired":true,"valueName":"search_term_string"}}],"inLanguage":"en-GB"},{"@type":"Person","@id":"https:\/\/neoist.eu\/#\/schema\/person\/f977f18cd41242f3468330d01178b3e8","name":"Birgit Unger","image":{"@type":"ImageObject","inLanguage":"en-GB","@id":"https:\/\/neoist.eu\/#\/schema\/person\/image\/","url":"https:\/\/secure.gravatar.com\/avatar\/28f15701d6e5ad32ed2af6fcaa62d12ab933a84ecfa8e8a666b470b6c04f3dd9?s=96&d=mm&r=g","contentUrl":"https:\/\/secure.gravatar.com\/avatar\/28f15701d6e5ad32ed2af6fcaa62d12ab933a84ecfa8e8a666b470b6c04f3dd9?s=96&d=mm&r=g","caption":"Birgit Unger"},"sameAs":["http:\/\/deluxemallorca.com"],"url":"https:\/\/neoist.eu\/en\/author\/birgit-unger\/"}]}},"_links":{"self":[{"href":"https:\/\/neoist.eu\/en\/wp-json\/wp\/v2\/posts\/10123","targetHints":{"allow":["GET"]}}],"collection":[{"href":"https:\/\/neoist.eu\/en\/wp-json\/wp\/v2\/posts"}],"about":[{"href":"https:\/\/neoist.eu\/en\/wp-json\/wp\/v2\/types\/post"}],"author":[{"embeddable":true,"href":"https:\/\/neoist.eu\/en\/wp-json\/wp\/v2\/users\/2"}],"replies":[{"embeddable":true,"href":"https:\/\/neoist.eu\/en\/wp-json\/wp\/v2\/comments?post=10123"}],"version-history":[{"count":107,"href":"https:\/\/neoist.eu\/en\/wp-json\/wp\/v2\/posts\/10123\/revisions"}],"predecessor-version":[{"id":10563,"href":"https:\/\/neoist.eu\/en\/wp-json\/wp\/v2\/posts\/10123\/revisions\/10563"}],"wp:featuredmedia":[{"embeddable":true,"href":"https:\/\/neoist.eu\/en\/wp-json\/wp\/v2\/media\/10125"}],"wp:attachment":[{"href":"https:\/\/neoist.eu\/en\/wp-json\/wp\/v2\/media?parent=10123"}],"wp:term":[{"taxonomy":"category","embeddable":true,"href":"https:\/\/neoist.eu\/en\/wp-json\/wp\/v2\/categories?post=10123"},{"taxonomy":"post_tag","embeddable":true,"href":"https:\/\/neoist.eu\/en\/wp-json\/wp\/v2\/tags?post=10123"}],"curies":[{"name":"wp","href":"https:\/\/api.w.org\/{rel}","templated":true}]}}