{"id":6822,"date":"2023-09-22T08:52:23","date_gmt":"2023-09-22T08:52:23","guid":{"rendered":"https:\/\/neoist.eu\/?p=6822"},"modified":"2023-09-22T19:38:45","modified_gmt":"2023-09-22T19:38:45","slug":"editorial","status":"publish","type":"post","link":"https:\/\/neoist.eu\/en\/pr\/editorial\/","title":{"rendered":"Innovation, was sonst?"},"content":{"rendered":"<div data-elementor-type=\"wp-post\" data-elementor-id=\"6822\" class=\"elementor elementor-6822\">\n\t\t\t\t\t\t<section class=\"elementor-section elementor-top-section elementor-element elementor-element-538efae0 elementor-section-full_width elementor-section-height-default elementor-section-height-default qodef-elementor-content-no\" data-id=\"538efae0\" data-element_type=\"section\">\n\t\t\t\t\t\t<div class=\"elementor-container elementor-column-gap-default\">\n\t\t\t\t\t<div class=\"elementor-column elementor-col-100 elementor-top-column elementor-element elementor-element-68d9ea97\" data-id=\"68d9ea97\" data-element_type=\"column\">\n\t\t\t<div class=\"elementor-widget-wrap elementor-element-populated\">\n\t\t\t\t\t\t<div class=\"elementor-element elementor-element-24a483c5 elementor-widget elementor-widget-text-editor\" data-id=\"24a483c5\" data-element_type=\"widget\" data-widget_type=\"text-editor.default\">\n\t\t\t\t<div class=\"elementor-widget-container\">\n\t\t\t\t\t\t\t\t\t<p><\/p>\n<h3 class=\"null\" style=\"margin-top: 0px; margin-bottom: 0px; font-family: Helvetica; font-size: 18px; line-height: 22.5px; letter-spacing: -0.5px; text-transform: none; color: #606060 !important;\">E-Limousinen-Besitzern stehen heute eine Vielzahl an bequemen Ladem\u00f6glichkeiten zur Verf\u00fcgung, die sich Lebensstil und Fahrbed\u00fcrfnissen anpassen. Moderne Ladel\u00f6sungen sollen komfortabel und technisch innovativ sein. Sie werden am besten an Stellfl\u00e4chen installiert, auf denen das E-Fahrzeug oft parkt \u2013 zu Hause oder im Unternehmen. Die Ladel\u00f6sungen von MEVOLT verbinden nachhaltige Elektromobilit\u00e4t mit einer durchdachten Ladeinfrastruktur.<\/h3>\n<p><\/p>\t\t\t\t\t\t\t\t<\/div>\n\t\t\t\t<\/div>\n\t\t\t\t\t<\/div>\n\t\t<\/div>\n\t\t\t\t\t<\/div>\n\t\t<\/section>\n\t\t\t\t<section class=\"elementor-section elementor-top-section elementor-element elementor-element-6e2a477 elementor-section-boxed elementor-section-height-default elementor-section-height-default qodef-elementor-content-no\" data-id=\"6e2a477\" data-element_type=\"section\">\n\t\t\t\t\t\t<div class=\"elementor-container elementor-column-gap-default\">\n\t\t\t\t\t<div class=\"elementor-column elementor-col-100 elementor-top-column elementor-element elementor-element-fd7e5de\" data-id=\"fd7e5de\" data-element_type=\"column\">\n\t\t\t<div class=\"elementor-widget-wrap elementor-element-populated\">\n\t\t\t\t\t\t<div class=\"elementor-element elementor-element-cca1132 elementor-widget elementor-widget-text-editor\" data-id=\"cca1132\" data-element_type=\"widget\" data-widget_type=\"text-editor.default\">\n\t\t\t\t<div class=\"elementor-widget-container\">\n\t\t\t\t\t\t\t\t\t<p class=\"p1\"><span class=\"s1\">Tanken Sie neue Energie. <\/span>Mit den hochwertigen Ladel\u00f6sungen der MEVOLT GmbH mit Sitz in Landsberg am Lech statten anspruchsvolle Unternehmer, die zum Erreichen von Klimazielen auf eine wachsende Flotte an E-Fahrzeugen setzen, ihre Ladeparks aus.\u00a0<\/p>\n<p class=\"p1\">\u00a0<\/p>\n<p class=\"p1\"><span class=\"s1\">Die Leidenschaft, Innovationen f\u00fcr den Wachstumsmarkt E-Mobility zu entwickeln, treibt <\/span>MEVOLT an. Mit einem patentierten, automatisch motorisch ein- und ausfahrbaren\u00a0Ladekabel f\u00fcr zwei aktive Standlades\u00e4ulen und eine Deckenl\u00f6sung wurde das Laden von E-Limousinen und -SUVs der Luxusklasse neu gedacht.\u00a0<\/p>\n<p class=\"p1\">\u00a0<\/p>\n<p class=\"p1\">Im Besonderen der MEVOLT\u00a0MK4 ROOF CHARGER gilt als spannende Neuvorstellung f\u00fcr Garagen, Indoor-Carports oder Parkh\u00e4user, bei denen eine Montage von Wallboxen an der Wand nicht gew\u00fcnscht oder m\u00f6glich ist. Per Knopfdruck auf eine Fernbedienung gleitet der Ladestecker trocken aus dem Deckenladesystem herab und nach dem Ladevorgang \u2013 ohne Bodenkontakt \u2013 wieder zur\u00fcck nach oben an die Decke. Laden mit Fun Factor \u2013 als emotionales Erlebnis, das garantiert, dass der Fahrer mit sauberen H\u00e4nden seinen Zielort erreicht.<\/p>\t\t\t\t\t\t\t\t<\/div>\n\t\t\t\t<\/div>\n\t\t\t\t\t<\/div>\n\t\t<\/div>\n\t\t\t\t\t<\/div>\n\t\t<\/section>\n\t\t\t\t<section class=\"elementor-section elementor-top-section elementor-element elementor-element-54df9d6 elementor-section-boxed elementor-section-height-default elementor-section-height-default qodef-elementor-content-no\" data-id=\"54df9d6\" data-element_type=\"section\">\n\t\t\t\t\t\t<div class=\"elementor-container elementor-column-gap-default\">\n\t\t\t\t\t<div class=\"elementor-column elementor-col-100 elementor-top-column elementor-element elementor-element-03588d5\" data-id=\"03588d5\" data-element_type=\"column\">\n\t\t\t<div class=\"elementor-widget-wrap elementor-element-populated\">\n\t\t\t\t\t\t<div class=\"elementor-element elementor-element-dd46e26 elementor-widget elementor-widget-spacer\" data-id=\"dd46e26\" data-element_type=\"widget\" data-widget_type=\"spacer.default\">\n\t\t\t\t<div class=\"elementor-widget-container\">\n\t\t\t\t\t\t\t<div class=\"elementor-spacer\">\n\t\t\t<div class=\"elementor-spacer-inner\"><\/div>\n\t\t<\/div>\n\t\t\t\t\t\t<\/div>\n\t\t\t\t<\/div>\n\t\t\t\t\t<\/div>\n\t\t<\/div>\n\t\t\t\t\t<\/div>\n\t\t<\/section>\n\t\t\t\t<section class=\"elementor-section elementor-top-section elementor-element elementor-element-3ea39ce elementor-section-boxed elementor-section-height-default elementor-section-height-default qodef-elementor-content-no\" data-id=\"3ea39ce\" data-element_type=\"section\">\n\t\t\t\t\t\t<div class=\"elementor-container elementor-column-gap-default\">\n\t\t\t\t\t<div class=\"elementor-column elementor-col-100 elementor-top-column elementor-element elementor-element-6e3cb52\" data-id=\"6e3cb52\" data-element_type=\"column\">\n\t\t\t<div class=\"elementor-widget-wrap elementor-element-populated\">\n\t\t\t\t\t\t<div class=\"elementor-element elementor-element-8a7f8a2 elementor-widget elementor-widget-image\" data-id=\"8a7f8a2\" data-element_type=\"widget\" data-widget_type=\"image.default\">\n\t\t\t\t<div class=\"elementor-widget-container\">\n\t\t\t\t\t\t\t\t\t\t\t\t<figure class=\"wp-caption\">\n\t\t\t\t\t\t\t\t\t\t<img fetchpriority=\"high\" decoding=\"async\" width=\"2560\" height=\"1603\" src=\"https:\/\/neoist.eu\/wp-content\/uploads\/2023\/09\/Tiefgarage-mit-MK23-WALL-MK21-WALL-TOP-DOWN-und-MK24-WALL-TOP-DOWN-scaled.jpg\" class=\"attachment-full size-full wp-image-6840\" alt=\"\" srcset=\"https:\/\/neoist.eu\/wp-content\/uploads\/2023\/09\/Tiefgarage-mit-MK23-WALL-MK21-WALL-TOP-DOWN-und-MK24-WALL-TOP-DOWN-scaled.jpg 2560w, https:\/\/neoist.eu\/wp-content\/uploads\/2023\/09\/Tiefgarage-mit-MK23-WALL-MK21-WALL-TOP-DOWN-und-MK24-WALL-TOP-DOWN-300x188.jpg 300w, https:\/\/neoist.eu\/wp-content\/uploads\/2023\/09\/Tiefgarage-mit-MK23-WALL-MK21-WALL-TOP-DOWN-und-MK24-WALL-TOP-DOWN-1024x641.jpg 1024w, https:\/\/neoist.eu\/wp-content\/uploads\/2023\/09\/Tiefgarage-mit-MK23-WALL-MK21-WALL-TOP-DOWN-und-MK24-WALL-TOP-DOWN-768x481.jpg 768w, https:\/\/neoist.eu\/wp-content\/uploads\/2023\/09\/Tiefgarage-mit-MK23-WALL-MK21-WALL-TOP-DOWN-und-MK24-WALL-TOP-DOWN-1536x962.jpg 1536w, https:\/\/neoist.eu\/wp-content\/uploads\/2023\/09\/Tiefgarage-mit-MK23-WALL-MK21-WALL-TOP-DOWN-und-MK24-WALL-TOP-DOWN-2048x1283.jpg 2048w, https:\/\/neoist.eu\/wp-content\/uploads\/2023\/09\/Tiefgarage-mit-MK23-WALL-MK21-WALL-TOP-DOWN-und-MK24-WALL-TOP-DOWN-18x12.jpg 18w\" sizes=\"(max-width: 2560px) 100vw, 2560px\" \/>\t\t\t\t\t\t\t\t\t\t\t<figcaption class=\"widget-image-caption wp-caption-text\">F\u00fcr Parksituationen, die f\u00fcr wachsende E-Flotten ausgestattet werden sollen, bieten die MEVOLT MK WALLBOX CARRIER nachhaltige L\u00f6sungen.<\/figcaption>\n\t\t\t\t\t\t\t\t\t\t<\/figure>\n\t\t\t\t\t\t\t\t\t<\/div>\n\t\t\t\t<\/div>\n\t\t\t\t\t<\/div>\n\t\t<\/div>\n\t\t\t\t\t<\/div>\n\t\t<\/section>\n\t\t\t\t<section class=\"elementor-section elementor-top-section elementor-element elementor-element-f885af8 elementor-section-full_width elementor-section-height-default elementor-section-height-default qodef-elementor-content-no\" data-id=\"f885af8\" data-element_type=\"section\">\n\t\t\t\t\t\t<div class=\"elementor-container elementor-column-gap-default\">\n\t\t\t\t\t<div class=\"elementor-column elementor-col-100 elementor-top-column elementor-element elementor-element-b7ab6cd\" data-id=\"b7ab6cd\" data-element_type=\"column\">\n\t\t\t<div class=\"elementor-widget-wrap elementor-element-populated\">\n\t\t\t\t\t\t<div class=\"elementor-element elementor-element-439d2d6 elementor-widget elementor-widget-spacer\" data-id=\"439d2d6\" data-element_type=\"widget\" data-widget_type=\"spacer.default\">\n\t\t\t\t<div class=\"elementor-widget-container\">\n\t\t\t\t\t\t\t<div class=\"elementor-spacer\">\n\t\t\t<div class=\"elementor-spacer-inner\"><\/div>\n\t\t<\/div>\n\t\t\t\t\t\t<\/div>\n\t\t\t\t<\/div>\n\t\t\t\t<div class=\"elementor-element elementor-element-b4cf2b6 elementor-widget elementor-widget-teinte_core_section_title\" data-id=\"b4cf2b6\" data-element_type=\"widget\" data-widget_type=\"teinte_core_section_title.default\">\n\t\t\t\t<div class=\"elementor-widget-container\">\n\t\t\t\t\t<div class=\"qodef-shortcode qodef-m  qodef-section-title qodef-alignment--left\">\n\t\t\t\t<p class=\"qodef-m-text\" style=\"margin-top: 25px\">So einzigartig wie die diebstahlsicheren State-of-the-art-Ladel\u00f6sungen ist auch der neuentwickelte \u00dcberspannungsschutz mit Pr\u00fcfsiegel f\u00fcr Produkte aus der MEVOLT WALLBOX CARRIER Linie, der E-Fahrzeuge der Luxusklasse langfristig vor \u00dcberladungen oder Kurzschl\u00fcssen absichert. Produktionspartner Meindl-K\u00f6hle Umform- und Systemtechnik liefert h\u00f6chste Qualit\u00e4t \u201eMade in Germany\u201c bei der Verarbeitung der gesamten MEVOLT Produktrange aus hochwertigem Stahl und Aluminium, die sich auf Wunsch in individuellen Lackfarben und mit LED-Lichtleisten bestellen l\u00e4sst.\n<\/p>\n<\/div>\n\t\t\t\t<\/div>\n\t\t\t\t<\/div>\n\t\t\t\t\t<\/div>\n\t\t<\/div>\n\t\t\t\t\t<\/div>\n\t\t<\/section>\n\t\t\t\t<section class=\"elementor-section elementor-top-section elementor-element elementor-element-eae6101 elementor-section-boxed elementor-section-height-default elementor-section-height-default qodef-elementor-content-no\" data-id=\"eae6101\" data-element_type=\"section\">\n\t\t\t\t\t\t<div class=\"elementor-container elementor-column-gap-default\">\n\t\t\t\t\t<div class=\"elementor-column elementor-col-100 elementor-top-column elementor-element elementor-element-d5cec3a\" data-id=\"d5cec3a\" data-element_type=\"column\">\n\t\t\t<div class=\"elementor-widget-wrap elementor-element-populated\">\n\t\t\t\t\t\t<div class=\"elementor-element elementor-element-96bb17b elementor-widget elementor-widget-teinte_core_section_title\" data-id=\"96bb17b\" data-element_type=\"widget\" data-widget_type=\"teinte_core_section_title.default\">\n\t\t\t\t<div class=\"elementor-widget-container\">\n\t\t\t\t\t<div class=\"qodef-shortcode qodef-m  qodef-section-title qodef-alignment--left\">\n\t\t\t\t<p class=\"qodef-m-text\" style=\"margin-top: 25px\">Erst im Juni 2023 hatte Sportmoderator Kai Ebel f\u00fcr MEVOLT das weltweit erste, patentierte und mobile Ladesystem, den MEVOLT MOVE CHARGER, auf der Fachmesse Power2Drive in M\u00fcnchen pr\u00e4sentiert.\u00a0<\/p>\n<\/div>\n\t\t\t\t<\/div>\n\t\t\t\t<\/div>\n\t\t\t\t<div class=\"elementor-element elementor-element-669c5f3 elementor-widget elementor-widget-teinte_core_section_title\" data-id=\"669c5f3\" data-element_type=\"widget\" data-widget_type=\"teinte_core_section_title.default\">\n\t\t\t\t<div class=\"elementor-widget-container\">\n\t\t\t\t\t<div class=\"qodef-shortcode qodef-m  qodef-section-title qodef-alignment--left\">\n\t\t\t\t<p class=\"qodef-m-text\" style=\"margin-top: 25px\">Elektromobilit\u00e4t setzt eine intelligente Ladeinfrastruktur voraus. Wenn Sie f\u00fcr Ihre E-Limousine oder Ihre Firmenflotte nach innovativen E-Ladel\u00f6sungen suchen, dann l\u00e4dt MEVOLT Sie herzlich zu einem pers\u00f6nlichen Gespr\u00e4ch ein.<\/p>\n<\/div>\n\t\t\t\t<\/div>\n\t\t\t\t<\/div>\n\t\t\t\t<div class=\"elementor-element elementor-element-abc05f3 elementor-widget-divider--view-line elementor-widget elementor-widget-divider\" data-id=\"abc05f3\" data-element_type=\"widget\" data-widget_type=\"divider.default\">\n\t\t\t\t<div class=\"elementor-widget-container\">\n\t\t\t\t\t\t\t<div class=\"elementor-divider\">\n\t\t\t<span class=\"elementor-divider-separator\">\n\t\t\t\t\t\t<\/span>\n\t\t<\/div>\n\t\t\t\t\t\t<\/div>\n\t\t\t\t<\/div>\n\t\t\t\t\t<\/div>\n\t\t<\/div>\n\t\t\t\t\t<\/div>\n\t\t<\/section>\n\t\t\t\t<section class=\"elementor-section elementor-top-section elementor-element elementor-element-3fa4127 elementor-section-boxed elementor-section-height-default elementor-section-height-default qodef-elementor-content-no\" data-id=\"3fa4127\" data-element_type=\"section\">\n\t\t\t\t\t\t<div class=\"elementor-container elementor-column-gap-default\">\n\t\t\t\t\t<div class=\"elementor-column elementor-col-100 elementor-top-column elementor-element elementor-element-5548b47\" data-id=\"5548b47\" data-element_type=\"column\">\n\t\t\t<div class=\"elementor-widget-wrap elementor-element-populated\">\n\t\t\t\t\t\t<div class=\"elementor-element elementor-element-1c25dba elementor-widget elementor-widget-text-editor\" data-id=\"1c25dba\" data-element_type=\"widget\" data-widget_type=\"text-editor.default\">\n\t\t\t\t<div class=\"elementor-widget-container\">\n\t\t\t\t\t\t\t\t\t<p>F\u00fcr weitere Fragen zu MEVOLT wenden Sie sich gerne an Matthias M\u00fcller.<\/p>\n<p><b>MEVOLT GmbH<br \/><\/b><span style=\"font-family: var( --e-global-typography-text-font-family ), Sans-serif; font-weight: var( --e-global-typography-text-font-weight );\">Justus-von-Liebig-Str. 14 | D 86899 Landsberg\/Lech<br \/><\/span><span style=\"font-family: var( --e-global-typography-text-font-family ), Sans-serif; font-weight: var( --e-global-typography-text-font-weight );\">Tel. +49 (0)8191 963600<br \/><\/span><span style=\"font-family: var( --e-global-typography-text-font-family ), Sans-serif; font-weight: var( --e-global-typography-text-font-weight );\">sales@mevolt.de<br \/><\/span><a style=\"font-family: var( --e-global-typography-text-font-family ), Sans-serif; font-weight: var( --e-global-typography-text-font-weight );\" href=\"http:\/\/www.mevolt.de\">Tauchen Sie ein in die &#8222;World of MEVOLT&#8220; unter www.mevolt.de<\/a><\/p>\t\t\t\t\t\t\t\t<\/div>\n\t\t\t\t<\/div>\n\t\t\t\t\t<\/div>\n\t\t<\/div>\n\t\t\t\t\t<\/div>\n\t\t<\/section>\n\t\t\t\t<section class=\"elementor-section elementor-top-section elementor-element elementor-element-e4a1d2c elementor-section-boxed elementor-section-height-default elementor-section-height-default qodef-elementor-content-no\" data-id=\"e4a1d2c\" data-element_type=\"section\">\n\t\t\t\t\t\t<div class=\"elementor-container elementor-column-gap-default\">\n\t\t\t\t\t<div class=\"elementor-column elementor-col-100 elementor-top-column elementor-element elementor-element-ade7633\" data-id=\"ade7633\" data-element_type=\"column\">\n\t\t\t<div class=\"elementor-widget-wrap elementor-element-populated\">\n\t\t\t\t\t\t<div class=\"elementor-element elementor-element-0efea92 elementor-widget-divider--view-line elementor-widget elementor-widget-divider\" data-id=\"0efea92\" data-element_type=\"widget\" data-widget_type=\"divider.default\">\n\t\t\t\t<div class=\"elementor-widget-container\">\n\t\t\t\t\t\t\t<div class=\"elementor-divider\">\n\t\t\t<span class=\"elementor-divider-separator\">\n\t\t\t\t\t\t<\/span>\n\t\t<\/div>\n\t\t\t\t\t\t<\/div>\n\t\t\t\t<\/div>\n\t\t\t\t\t<\/div>\n\t\t<\/div>\n\t\t\t\t\t<\/div>\n\t\t<\/section>\n\t\t\t\t<section class=\"elementor-section elementor-top-section elementor-element elementor-element-4d0b0b4 elementor-section-boxed elementor-section-height-default elementor-section-height-default qodef-elementor-content-no\" data-id=\"4d0b0b4\" data-element_type=\"section\">\n\t\t\t\t\t\t<div class=\"elementor-container elementor-column-gap-default\">\n\t\t\t\t\t<div class=\"elementor-column elementor-col-100 elementor-top-column elementor-element elementor-element-9aeddfb\" data-id=\"9aeddfb\" data-element_type=\"column\">\n\t\t\t<div class=\"elementor-widget-wrap elementor-element-populated\">\n\t\t\t\t\t\t<div class=\"elementor-element elementor-element-7984ebc elementor-widget elementor-widget-text-editor\" data-id=\"7984ebc\" data-element_type=\"widget\" data-widget_type=\"text-editor.default\">\n\t\t\t\t<div class=\"elementor-widget-container\">\n\t\t\t\t\t\t\t\t\t<p>Text: Birgit Unger @neoist f\u00fcr MEVOLT. Der Artikel erschien auf British English unter <a href=\"https:\/\/pallazzo.ch\/mevolt-proudly-presents-the-roof-charger\/\">pallazzo.ch<\/a><a href=\"https:\/\/vision-mobility.de\/news\/mevolt-eroeffnet-groessten-betriebsladepark-in-landsberg-276232.html\">.<\/a>\u00a0<br \/>Neoist arbeitet f\u00fcr international agierende Unternehmen mit einem \u00dcbersetzungsb\u00fcro in London zusammen.<\/p>\t\t\t\t\t\t\t\t<\/div>\n\t\t\t\t<\/div>\n\t\t\t\t\t<\/div>\n\t\t<\/div>\n\t\t\t\t\t<\/div>\n\t\t<\/section>\n\t\t\t\t<\/div>","protected":false},"excerpt":{"rendered":"<p>Die Ladel\u00f6sungen von MEVOLT verbinden nachhaltige Elektromobilit\u00e4t mit durchdachter Ladeinfrastruktur.<\/p>","protected":false},"author":2,"featured_media":6824,"comment_status":"closed","ping_status":"open","sticky":false,"template":"","format":"standard","meta":{"footnotes":""},"categories":[2,62],"tags":[69,77,80,79,61,60],"class_list":["post-6822","post","type-post","status-publish","format-standard","has-post-thumbnail","hentry","category-agency","category-pr","tag-automotive","tag-e-charging","tag-editorial","tag-neoist","tag-photography","tag-pr"],"yoast_head":"<!-- This site is optimized with the Yoast SEO plugin v26.2 - https:\/\/yoast.com\/wordpress\/plugins\/seo\/ -->\n<title>Innovation, was sonst? - neoist content creation<\/title>\n<meta name=\"description\" content=\"Die Ladel\u00f6sungen von MEVOLT verbinden nachhaltige Elektromobilit\u00e4t mit durchdachter Ladeinfrastruktur.\" \/>\n<meta name=\"robots\" content=\"index, follow, max-snippet:-1, max-image-preview:large, max-video-preview:-1\" \/>\n<link rel=\"canonical\" href=\"https:\/\/neoist.eu\/en\/agency\/editorial\/\" \/>\n<meta property=\"og:locale\" content=\"en_GB\" \/>\n<meta property=\"og:type\" content=\"article\" \/>\n<meta property=\"og:title\" content=\"Innovation, was sonst? - neoist content creation\" \/>\n<meta property=\"og:description\" content=\"Die Ladel\u00f6sungen von MEVOLT verbinden nachhaltige Elektromobilit\u00e4t mit durchdachter Ladeinfrastruktur.\" \/>\n<meta property=\"og:url\" content=\"https:\/\/neoist.eu\/en\/agency\/editorial\/\" \/>\n<meta property=\"og:site_name\" content=\"neoist content creation\" \/>\n<meta property=\"article:published_time\" content=\"2023-09-22T08:52:23+00:00\" \/>\n<meta property=\"article:modified_time\" content=\"2023-09-22T19:38:45+00:00\" \/>\n<meta property=\"og:image\" content=\"https:\/\/neoist.eu\/wp-content\/uploads\/2023\/09\/MEVOLT_MK4.jpg\" \/>\n\t<meta property=\"og:image:width\" content=\"1400\" \/>\n\t<meta property=\"og:image:height\" content=\"820\" \/>\n\t<meta property=\"og:image:type\" content=\"image\/jpeg\" \/>\n<meta name=\"author\" content=\"Birgit Unger\" \/>\n<meta name=\"twitter:card\" content=\"summary_large_image\" \/>\n<meta name=\"twitter:label1\" content=\"Written by\" \/>\n\t<meta name=\"twitter:data1\" content=\"Birgit Unger\" \/>\n\t<meta name=\"twitter:label2\" content=\"Estimated reading time\" \/>\n\t<meta name=\"twitter:data2\" content=\"2 minutes\" \/>\n<script type=\"application\/ld+json\" class=\"yoast-schema-graph\">{\"@context\":\"https:\/\/schema.org\",\"@graph\":[{\"@type\":\"WebPage\",\"@id\":\"https:\/\/neoist.eu\/agency\/editorial\/\",\"url\":\"https:\/\/neoist.eu\/agency\/editorial\/\",\"name\":\"Innovation, was sonst? - neoist content creation\",\"isPartOf\":{\"@id\":\"https:\/\/neoist.eu\/#website\"},\"primaryImageOfPage\":{\"@id\":\"https:\/\/neoist.eu\/agency\/editorial\/#primaryimage\"},\"image\":{\"@id\":\"https:\/\/neoist.eu\/agency\/editorial\/#primaryimage\"},\"thumbnailUrl\":\"https:\/\/neoist.eu\/wp-content\/uploads\/2023\/09\/MEVOLT_MK4.jpg\",\"datePublished\":\"2023-09-22T08:52:23+00:00\",\"dateModified\":\"2023-09-22T19:38:45+00:00\",\"author\":{\"@id\":\"https:\/\/neoist.eu\/#\/schema\/person\/f977f18cd41242f3468330d01178b3e8\"},\"description\":\"Die Ladel\u00f6sungen von MEVOLT verbinden nachhaltige Elektromobilit\u00e4t mit durchdachter Ladeinfrastruktur.\",\"breadcrumb\":{\"@id\":\"https:\/\/neoist.eu\/agency\/editorial\/#breadcrumb\"},\"inLanguage\":\"en-GB\",\"potentialAction\":[{\"@type\":\"ReadAction\",\"target\":[\"https:\/\/neoist.eu\/agency\/editorial\/\"]}]},{\"@type\":\"ImageObject\",\"inLanguage\":\"en-GB\",\"@id\":\"https:\/\/neoist.eu\/agency\/editorial\/#primaryimage\",\"url\":\"https:\/\/neoist.eu\/wp-content\/uploads\/2023\/09\/MEVOLT_MK4.jpg\",\"contentUrl\":\"https:\/\/neoist.eu\/wp-content\/uploads\/2023\/09\/MEVOLT_MK4.jpg\",\"width\":1400,\"height\":820},{\"@type\":\"BreadcrumbList\",\"@id\":\"https:\/\/neoist.eu\/agency\/editorial\/#breadcrumb\",\"itemListElement\":[{\"@type\":\"ListItem\",\"position\":1,\"name\":\"Home\",\"item\":\"https:\/\/neoist.eu\/\"},{\"@type\":\"ListItem\",\"position\":2,\"name\":\"Innovation, was sonst?\"}]},{\"@type\":\"WebSite\",\"@id\":\"https:\/\/neoist.eu\/#website\",\"url\":\"https:\/\/neoist.eu\/\",\"name\":\"neoist content creation\",\"description\":\"Munich | Frankfurt | Berlin | Mallorca\",\"potentialAction\":[{\"@type\":\"SearchAction\",\"target\":{\"@type\":\"EntryPoint\",\"urlTemplate\":\"https:\/\/neoist.eu\/?s={search_term_string}\"},\"query-input\":{\"@type\":\"PropertyValueSpecification\",\"valueRequired\":true,\"valueName\":\"search_term_string\"}}],\"inLanguage\":\"en-GB\"},{\"@type\":\"Person\",\"@id\":\"https:\/\/neoist.eu\/#\/schema\/person\/f977f18cd41242f3468330d01178b3e8\",\"name\":\"Birgit Unger\",\"image\":{\"@type\":\"ImageObject\",\"inLanguage\":\"en-GB\",\"@id\":\"https:\/\/neoist.eu\/#\/schema\/person\/image\/\",\"url\":\"https:\/\/secure.gravatar.com\/avatar\/28f15701d6e5ad32ed2af6fcaa62d12ab933a84ecfa8e8a666b470b6c04f3dd9?s=96&d=mm&r=g\",\"contentUrl\":\"https:\/\/secure.gravatar.com\/avatar\/28f15701d6e5ad32ed2af6fcaa62d12ab933a84ecfa8e8a666b470b6c04f3dd9?s=96&d=mm&r=g\",\"caption\":\"Birgit Unger\"},\"sameAs\":[\"http:\/\/deluxemallorca.com\"],\"url\":\"https:\/\/neoist.eu\/en\/author\/birgit-unger\/\"}]}<\/script>\n<!-- \/ Yoast SEO plugin. -->","yoast_head_json":{"title":"Innovation, was sonst? - neoist content creation","description":"Die Ladel\u00f6sungen von MEVOLT verbinden nachhaltige Elektromobilit\u00e4t mit durchdachter Ladeinfrastruktur.","robots":{"index":"index","follow":"follow","max-snippet":"max-snippet:-1","max-image-preview":"max-image-preview:large","max-video-preview":"max-video-preview:-1"},"canonical":"https:\/\/neoist.eu\/en\/agency\/editorial\/","og_locale":"en_GB","og_type":"article","og_title":"Innovation, was sonst? - neoist content creation","og_description":"Die Ladel\u00f6sungen von MEVOLT verbinden nachhaltige Elektromobilit\u00e4t mit durchdachter Ladeinfrastruktur.","og_url":"https:\/\/neoist.eu\/en\/agency\/editorial\/","og_site_name":"neoist content creation","article_published_time":"2023-09-22T08:52:23+00:00","article_modified_time":"2023-09-22T19:38:45+00:00","og_image":[{"width":1400,"height":820,"url":"https:\/\/neoist.eu\/wp-content\/uploads\/2023\/09\/MEVOLT_MK4.jpg","type":"image\/jpeg"}],"author":"Birgit Unger","twitter_card":"summary_large_image","twitter_misc":{"Written by":"Birgit Unger","Estimated reading time":"2 minutes"},"schema":{"@context":"https:\/\/schema.org","@graph":[{"@type":"WebPage","@id":"https:\/\/neoist.eu\/agency\/editorial\/","url":"https:\/\/neoist.eu\/agency\/editorial\/","name":"Innovation, was sonst? - neoist content creation","isPartOf":{"@id":"https:\/\/neoist.eu\/#website"},"primaryImageOfPage":{"@id":"https:\/\/neoist.eu\/agency\/editorial\/#primaryimage"},"image":{"@id":"https:\/\/neoist.eu\/agency\/editorial\/#primaryimage"},"thumbnailUrl":"https:\/\/neoist.eu\/wp-content\/uploads\/2023\/09\/MEVOLT_MK4.jpg","datePublished":"2023-09-22T08:52:23+00:00","dateModified":"2023-09-22T19:38:45+00:00","author":{"@id":"https:\/\/neoist.eu\/#\/schema\/person\/f977f18cd41242f3468330d01178b3e8"},"description":"Die Ladel\u00f6sungen von MEVOLT verbinden nachhaltige Elektromobilit\u00e4t mit durchdachter Ladeinfrastruktur.","breadcrumb":{"@id":"https:\/\/neoist.eu\/agency\/editorial\/#breadcrumb"},"inLanguage":"en-GB","potentialAction":[{"@type":"ReadAction","target":["https:\/\/neoist.eu\/agency\/editorial\/"]}]},{"@type":"ImageObject","inLanguage":"en-GB","@id":"https:\/\/neoist.eu\/agency\/editorial\/#primaryimage","url":"https:\/\/neoist.eu\/wp-content\/uploads\/2023\/09\/MEVOLT_MK4.jpg","contentUrl":"https:\/\/neoist.eu\/wp-content\/uploads\/2023\/09\/MEVOLT_MK4.jpg","width":1400,"height":820},{"@type":"BreadcrumbList","@id":"https:\/\/neoist.eu\/agency\/editorial\/#breadcrumb","itemListElement":[{"@type":"ListItem","position":1,"name":"Home","item":"https:\/\/neoist.eu\/"},{"@type":"ListItem","position":2,"name":"Innovation, was sonst?"}]},{"@type":"WebSite","@id":"https:\/\/neoist.eu\/#website","url":"https:\/\/neoist.eu\/","name":"neoist content creation","description":"Munich | Frankfurt | Berlin | Mallorca","potentialAction":[{"@type":"SearchAction","target":{"@type":"EntryPoint","urlTemplate":"https:\/\/neoist.eu\/?s={search_term_string}"},"query-input":{"@type":"PropertyValueSpecification","valueRequired":true,"valueName":"search_term_string"}}],"inLanguage":"en-GB"},{"@type":"Person","@id":"https:\/\/neoist.eu\/#\/schema\/person\/f977f18cd41242f3468330d01178b3e8","name":"Birgit Unger","image":{"@type":"ImageObject","inLanguage":"en-GB","@id":"https:\/\/neoist.eu\/#\/schema\/person\/image\/","url":"https:\/\/secure.gravatar.com\/avatar\/28f15701d6e5ad32ed2af6fcaa62d12ab933a84ecfa8e8a666b470b6c04f3dd9?s=96&d=mm&r=g","contentUrl":"https:\/\/secure.gravatar.com\/avatar\/28f15701d6e5ad32ed2af6fcaa62d12ab933a84ecfa8e8a666b470b6c04f3dd9?s=96&d=mm&r=g","caption":"Birgit Unger"},"sameAs":["http:\/\/deluxemallorca.com"],"url":"https:\/\/neoist.eu\/en\/author\/birgit-unger\/"}]}},"_links":{"self":[{"href":"https:\/\/neoist.eu\/en\/wp-json\/wp\/v2\/posts\/6822","targetHints":{"allow":["GET"]}}],"collection":[{"href":"https:\/\/neoist.eu\/en\/wp-json\/wp\/v2\/posts"}],"about":[{"href":"https:\/\/neoist.eu\/en\/wp-json\/wp\/v2\/types\/post"}],"author":[{"embeddable":true,"href":"https:\/\/neoist.eu\/en\/wp-json\/wp\/v2\/users\/2"}],"replies":[{"embeddable":true,"href":"https:\/\/neoist.eu\/en\/wp-json\/wp\/v2\/comments?post=6822"}],"version-history":[{"count":51,"href":"https:\/\/neoist.eu\/en\/wp-json\/wp\/v2\/posts\/6822\/revisions"}],"predecessor-version":[{"id":6891,"href":"https:\/\/neoist.eu\/en\/wp-json\/wp\/v2\/posts\/6822\/revisions\/6891"}],"wp:featuredmedia":[{"embeddable":true,"href":"https:\/\/neoist.eu\/en\/wp-json\/wp\/v2\/media\/6824"}],"wp:attachment":[{"href":"https:\/\/neoist.eu\/en\/wp-json\/wp\/v2\/media?parent=6822"}],"wp:term":[{"taxonomy":"category","embeddable":true,"href":"https:\/\/neoist.eu\/en\/wp-json\/wp\/v2\/categories?post=6822"},{"taxonomy":"post_tag","embeddable":true,"href":"https:\/\/neoist.eu\/en\/wp-json\/wp\/v2\/tags?post=6822"}],"curies":[{"name":"wp","href":"https:\/\/api.w.org\/{rel}","templated":true}]}}